{"id":205,"date":"2019-05-07T11:53:59","date_gmt":"2019-05-07T11:53:59","guid":{"rendered":"https:\/\/www.sanromaasociados.com\/?p=205"},"modified":"2019-05-13T14:30:10","modified_gmt":"2019-05-13T14:30:10","slug":"aspectes-rellevants-reial-decret-legislatiu-8-2019","status":"publish","type":"post","link":"https:\/\/sanromaasociados.com\/ca\/2019\/05\/07\/aspectos-relevantes-real-decreto-legislativo-8-2019\/","title":{"rendered":"Reial Decret Llei 8\/2019 de mesures urgents de protecci\u00f3 social i de lluita contra la precarietat laboral a la jornada de treball"},"content":{"rendered":"<h4>ASPECTES M\u00c9S RELLEVANTS DEL RD-LLEI 8\/2019<\/h4>\n<p><img loading=\"lazy\" decoding=\"async\" class=\"alignnone size-full wp-image-218\" src=\"https:\/\/sanromaasociados.com\/wp-content\/uploads\/2019\/05\/3-Derecho-laboral-y-Seguridad-Social.jpg\" alt=\"\" width=\"800\" height=\"534\" srcset=\"https:\/\/sanromaasociados.com\/wp-content\/uploads\/2019\/05\/3-Derecho-laboral-y-Seguridad-Social.jpg 800w, https:\/\/sanromaasociados.com\/wp-content\/uploads\/2019\/05\/3-Derecho-laboral-y-Seguridad-Social-300x200.jpg 300w, https:\/\/sanromaasociados.com\/wp-content\/uploads\/2019\/05\/3-Derecho-laboral-y-Seguridad-Social-768x513.jpg 768w, https:\/\/sanromaasociados.com\/wp-content\/uploads\/2019\/05\/3-Derecho-laboral-y-Seguridad-Social-50x33.jpg 50w, https:\/\/sanromaasociados.com\/wp-content\/uploads\/2019\/05\/3-Derecho-laboral-y-Seguridad-Social-750x500.jpg 750w\" sizes=\"(max-width: 800px) 100vw, 800px\" \/><\/p>\n<hr \/>\n<p style=\"text-align: left;\"><em>En data 12 de Mar\u00e7 es va publicar al BOE RD Llei 8\/2019 de mesures urgents de protecci\u00f3 social i de lluita contra la precarietat laboral a la jornada de treball. S\u00f3n mesures que estaven recollides al projecte de Llei de Pressupostos que no es va arribar a tramitar i ara s&#039;aproven com a Decret Llei, pendent de ser convalidat per la Diputaci\u00f3 Permanent del Congr\u00e9s en les properes setmanes.<\/em><\/p>\n<p style=\"text-align: left;\">Destaquem pel que fa a normativa laboral :<\/p>\n<p style=\"text-align: left;\"><strong>1. REGISTRE DE LA JORNDA DE TREBALL<\/strong><\/p>\n<p style=\"text-align: left;\">Es creen els registres d&#039;entrada i eixida de cada treballador, que hauran de tenir totes les<br \/>\nempreses i que serviran per controlar que no s&#039;excedeixin les jornades laborals m\u00e0ximes<br \/>\nexigides a la normativa i que, si s&#039;escau, es retribueixin les hores extres.<br \/>\nL&#039;article 10 modifica l&#039;art. 34 de l&#039;Estatut dels Treballadors per incloure&#039;n un de nou<br \/>\napartat 9 que obliga les empreses a fer un \u00abregistre diari de jornada, que haur\u00e0 de<br \/>\nincloure l&#039;horari concret d&#039;inici i de finalitzaci\u00f3 de la jornada de treball de cada persona<br \/>\ntreballadora\u00bb, sense perjudici de la flexibilitat hor\u00e0ria establerta a l&#039;Estatut dels Treballadors, per\u00f2 sense concretar la forma de realitzar aquest registre. L&#039;empresa haur\u00e0 de<br \/>\nconservar els registres durant quatre anys. Incomplir aquesta obligaci\u00f3 ser\u00e0 una infracci\u00f3<br \/>\ngreu que suposa una multa de 206 a 6.250 euros (l&#039;article 11 modifica l&#039;article 7 LLISOS).<br \/>\nFins ara aquest registre era obligatori en els treballadors contractats a temps arcial, per a aix\u00f2 els vam enviar els Fulls de Registre de Jornada, m\u00e9s enll\u00e0 que poden haver-hi altres sistemes igualment (o m\u00e9s) v\u00e0lids i fiables, com els sistemes de fitxatge del personal. En aquest RD sestableix lobligatorietat del Registre de Jornada per a tot el personal, establint-se que aquesta mesura entra en vigor als dos mesos de la seva publicaci\u00f3, \u00e9s a dir, el dia 12 de maig de 2019.<br \/>\nEntenent les particularitats d&#039;algunes feines, dificultat per portar un registre en treballadors que es desplacen molt o que b\u00e0sicament treballen fora de centre\u2026 Quedem a l&#039;espera de si en les properes setmanes es fa algun aclariment sobre aix\u00f2.<br \/>\nDes d&#039;aquest despatx, a partir de l&#039;entrada en vigor d&#039;aquesta obligatorietat (si abans no es produeix algun canvi) els remetrem per a tots els treballadors els Fulls de Registre de Jornada que fins ara els manem nom\u00e9s per al personal a temps parcial, perqu\u00e8 aix\u00ed puguin tenir un sistema manual de registre, sense perjudici que n&#039;hi pugui haver d&#039;altres de m\u00e9s pr\u00e0ctics o viables en funci\u00f3 del tipus d&#039;empresa.<\/p>\n<p style=\"text-align: left;\"><strong>2. SUBSIDI PER A PERSONES MAJORS DE 52 ANYS<\/strong><\/p>\n<p style=\"text-align: left;\">L&#039;article 1 preveu la modificaci\u00f3 de la regulaci\u00f3 del subsidi per desocupaci\u00f3 per a majors de 55 anys en sis aspectes:<br \/>\n- Reducci\u00f3 de ledat dacc\u00e9s de 55 a 52 anys.<br \/>\n\u2013 Supressi\u00f3 del requisit de tenir complerta l&#039;edat de 52 anys al moment del fet<br \/>\ncausant del subsidi, permetent l&#039;acc\u00e9s quan es compleixi aquesta edat i recollint a la regulaci\u00f3 la jurisprud\u00e8ncia del Tribunal Suprem sobre aquesta q\u00fcesti\u00f3.<br \/>\n- Increment de la durada m\u00e0xima, de manera que, si abans es percebia fins que la persona benefici\u00e0ria pogu\u00e9s accedir a qualsevol de les modalitats de pensi\u00f3 contributiva de jubilaci\u00f3, es percebr\u00e0 fins al compliment de ledat ordin\u00e0ria de jubilaci\u00f3.<br \/>\n\u2013 Eliminaci\u00f3 de la consideraci\u00f3 de les rendes de la unitat familiar per accedir al subsidi.<br \/>\n\u2013 Increment de la quantia de la cotitzaci\u00f3 per la conting\u00e8ncia de jubilaci\u00f3 durant la<br \/>\npercepci\u00f3 del subsidi del 100 al 125% del l\u00edmit m\u00ednim de cotitzaci\u00f3 vigent a cada<br \/>\nmoment.<br \/>\n\u2013 I l&#039;eliminaci\u00f3 dels percentatges aplicables a la quantia del subsidi quan prov\u00e9 d&#039;una feina feta a temps parcial.<br \/>\nL&#039;efecte de les millores introdu\u00efdes es tradueix en un augment important de la protecci\u00f3 d&#039;aquest col\u00b7lectiu durant la situaci\u00f3 d&#039;atur, en facilitar l&#039;acc\u00e9s a edat m\u00e9s primerenca i no considerar les rendes de la unitat familiar, i en prolongar-se la protecci\u00f3 fins a l&#039;edat ordin\u00e0ria de jubilaci\u00f3. Aquestes millores afecten tot el per\u00edode de gaudi de la pensi\u00f3 de jubilaci\u00f3, que veur\u00e0 incrementat el seu import tant per l&#039;eliminaci\u00f3 dels possibles coeficients reductors sobre la quantia en els casos de jubilaci\u00f3 anticipada, com per la millora de la cotitzaci\u00f3 durant tot el per\u00edode de meritaci\u00f3 del subsidi.<\/p>\n<p style=\"text-align: left;\"><strong>3. BONIFICACI\u00d3 PER A LES EMPRESES QUE CONTRACTEN A PERSONES<\/strong><br \/>\n<strong>DESEMPLEADES DE LLARGA DURADA<\/strong><\/p>\n<p style=\"text-align: left;\">A l&#039;article 8 s&#039;introdueix una bonificaci\u00f3 per la contractaci\u00f3 laboral de persones aturades de llarga durada. Es pret\u00e9n incentivar la contractaci\u00f3 indefinida de persones aturades i inscrites a loficina docupaci\u00f3 almenys 12 mesos en els 18 mesos anteriors a la contractaci\u00f3, mitjan\u00e7ant una bonificaci\u00f3 mensual de la quota empresarial a la Seguretat Social. Per aplicar aquesta bonificaci\u00f3, s&#039;estableix que s&#039;haur\u00e0 de mantenir en l&#039;ocupaci\u00f3 el treballador contractat almenys 3 anys des de la data d&#039;inici de la relaci\u00f3 laboral.<br \/>\nLes bonificacions s\u00f3n les seg\u00fcents:<br \/>\n\u2013 1.300 euros\/any (108,33 euros\/mes) si \u00e9s home.<br \/>\n\u2013 1.500 euros\/any (125 euros\/mes) si \u00e9s dona.<br \/>\nSi el contracte se celebra a temps parcial les bonificacions es gaudiran de manera<br \/>\nproporcional a la jornada de treball pactada al contracte.<br \/>\nAquesta mesura entrar\u00e0 en vigor a partir de l&#039;1 d&#039;abril del 2019.<br \/>\nTamb\u00e9 es disposa en aquest Reial decret que el Govern constituir\u00e0 abans del 30 de juny d&#039;aquest any un grup d&#039;experts i expertes per proposar un nou Estatut dels Treballadors.<br \/>\nLa norma entrar\u00e0 en vigor el dia 13 de mar\u00e7 de 2019, a excepci\u00f3 de l&#039;obligatorietat del<br \/>\nregistre de jornada (que com hem indicat ho far\u00e0 el 12 de Maig de 2019), aix\u00ed com<br \/>\nalguns aspectes relacionats amb el subsidi d&#039;atur per a majors de 52 anys i amb la contractaci\u00f3 de desocupats de llarga durada, que ho faran a partir de l&#039;01 d&#039;abril del 2019.<\/p>\n<p style=\"text-align: left;\">\u2014\u2014\u2014\u2014\u2014\u2014\u2014\u2014\u2014\u2014\u2014\u2014\u2014\u2014\u2014\u2014\u2014\u2014\u2014\u2014\u2014\u2014\u2014\u2014\u2014\u2014\u2014\u2014\u2014\u2014\u2014\u2014\u2014\u2014\u2014\u2014\u2014\u2014<\/p>\n<p style=\"text-align: left;\">*Destacar que aquesta nota informativa cont\u00e9 informaci\u00f3 de car\u00e0cter general, en la qual hem resumit en la mesura del que considerem que pugui tenir m\u00e9s inter\u00e8s des del punt de vista laboral. En qualsevol cas, quedem a la vostra disposici\u00f3 per atendre les consultes o dubtes que us puguin sorgir ia l&#039;espera del desenvolupament d&#039;algunes de les previsions previstes al RDLey.<\/p>\n<p style=\"text-align: left;\">DPT. LABORAL RAFAEL SANROMA ADVOCATS ASSOCIATS.<\/p>","protected":false},"excerpt":{"rendered":"<p>ASPECTOS MAS RELEVANTES DEL R.D.-LEY 8\/2019 En fecha 12 de Marzo se public\u00f3 en el BOE RD Ley 8\/2019 de medidas urgentes de protecci\u00f3n social y de lucha contra la precariedad laboral en la jornada de trabajo. Son medidas que estaban recogidas en el proyecto de Ley de Presupuestos que no se lleg\u00f3 a tramitar [&hellip;]<\/p>\n","protected":false},"author":6,"featured_media":218,"comment_status":"open","ping_status":"closed","sticky":false,"template":"","format":"image","meta":{"_et_pb_use_builder":"","_et_pb_old_content":"","_et_gb_content_width":"","footnotes":""},"categories":[9],"tags":[],"class_list":["post-205","post","type-post","status-publish","format-image","has-post-thumbnail","hentry","category-jornada-laboral","post_format-post-format-image"],"yoast_head":"<!-- This site is optimized with the Yoast SEO plugin v26.9 - https:\/\/yoast.com\/product\/yoast-seo-wordpress\/ -->\n<title>Real Decreto Ley 8\/2019 de medidas urgentes de protecci\u00f3n social y de lucha contra la precariedad laboral en la jornada de trabajo - Rafael Sanrom\u00e0<\/title>\n<meta name=\"robots\" content=\"index, follow, max-snippet:-1, max-image-preview:large, max-video-preview:-1\" \/>\n<link rel=\"canonical\" href=\"https:\/\/sanromaasociados.com\/ca\/2019\/05\/07\/aspectes-rellevants-reial-decret-legislatiu-8-2019\/\" \/>\n<meta property=\"og:locale\" content=\"ca_ES\" \/>\n<meta property=\"og:type\" content=\"article\" \/>\n<meta property=\"og:title\" content=\"Real Decreto Ley 8\/2019 de medidas urgentes de protecci\u00f3n social y de lucha contra la precariedad laboral en la jornada de trabajo - Rafael Sanrom\u00e0\" \/>\n<meta property=\"og:description\" content=\"ASPECTOS MAS RELEVANTES DEL R.D.-LEY 8\/2019 En fecha 12 de Marzo se public\u00f3 en el BOE RD Ley 8\/2019 de medidas urgentes de protecci\u00f3n social y de lucha contra la precariedad laboral en la jornada de trabajo. Son medidas que estaban recogidas en el proyecto de Ley de Presupuestos que no se lleg\u00f3 a tramitar [&hellip;]\" \/>\n<meta property=\"og:url\" content=\"https:\/\/sanromaasociados.com\/ca\/2019\/05\/07\/aspectes-rellevants-reial-decret-legislatiu-8-2019\/\" \/>\n<meta property=\"og:site_name\" content=\"Rafael Sanrom\u00e0\" \/>\n<meta property=\"article:published_time\" content=\"2019-05-07T11:53:59+00:00\" \/>\n<meta property=\"article:modified_time\" content=\"2019-05-13T14:30:10+00:00\" \/>\n<meta property=\"og:image\" content=\"https:\/\/sanromaasociados.com\/wp-content\/uploads\/2019\/05\/3-Derecho-laboral-y-Seguridad-Social.jpg\" \/>\n\t<meta property=\"og:image:width\" content=\"800\" \/>\n\t<meta property=\"og:image:height\" content=\"534\" \/>\n\t<meta property=\"og:image:type\" content=\"image\/jpeg\" \/>\n<meta name=\"author\" content=\"Anna Prim\" \/>\n<meta name=\"twitter:card\" content=\"summary_large_image\" \/>\n<meta name=\"twitter:label1\" content=\"Escrit per\" \/>\n\t<meta name=\"twitter:data1\" content=\"Anna Prim\" \/>\n\t<meta name=\"twitter:label2\" content=\"Temps estimat de lectura\" \/>\n\t<meta name=\"twitter:data2\" content=\"6 minuts\" \/>\n<script type=\"application\/ld+json\" class=\"yoast-schema-graph\">{\"@context\":\"https:\/\/schema.org\",\"@graph\":[{\"@type\":\"Article\",\"@id\":\"https:\/\/sanromaasociados.com\/2019\/05\/07\/aspectos-relevantes-real-decreto-legislativo-8-2019\/#article\",\"isPartOf\":{\"@id\":\"https:\/\/sanromaasociados.com\/2019\/05\/07\/aspectos-relevantes-real-decreto-legislativo-8-2019\/\"},\"author\":{\"name\":\"Anna Prim\",\"@id\":\"https:\/\/sanromaasociados.com\/#\/schema\/person\/110f140b75a9763d106f7da025ccbed7\"},\"headline\":\"Real Decreto Ley 8\/2019 de medidas urgentes de protecci\u00f3n social y de lucha contra la precariedad laboral en la jornada de trabajo\",\"datePublished\":\"2019-05-07T11:53:59+00:00\",\"dateModified\":\"2019-05-13T14:30:10+00:00\",\"mainEntityOfPage\":{\"@id\":\"https:\/\/sanromaasociados.com\/2019\/05\/07\/aspectos-relevantes-real-decreto-legislativo-8-2019\/\"},\"wordCount\":1148,\"commentCount\":0,\"publisher\":{\"@id\":\"https:\/\/sanromaasociados.com\/#organization\"},\"image\":{\"@id\":\"https:\/\/sanromaasociados.com\/2019\/05\/07\/aspectos-relevantes-real-decreto-legislativo-8-2019\/#primaryimage\"},\"thumbnailUrl\":\"https:\/\/sanromaasociados.com\/wp-content\/uploads\/2019\/05\/3-Derecho-laboral-y-Seguridad-Social.jpg\",\"articleSection\":[\"Novedades Legislaci\u00f3n Laboral 2019\"],\"inLanguage\":\"ca\",\"potentialAction\":[{\"@type\":\"CommentAction\",\"name\":\"Comment\",\"target\":[\"https:\/\/sanromaasociados.com\/2019\/05\/07\/aspectos-relevantes-real-decreto-legislativo-8-2019\/#respond\"]}]},{\"@type\":\"WebPage\",\"@id\":\"https:\/\/sanromaasociados.com\/2019\/05\/07\/aspectos-relevantes-real-decreto-legislativo-8-2019\/\",\"url\":\"https:\/\/sanromaasociados.com\/2019\/05\/07\/aspectos-relevantes-real-decreto-legislativo-8-2019\/\",\"name\":\"Real Decreto Ley 8\/2019 de medidas urgentes de protecci\u00f3n social y de lucha contra la precariedad laboral en la jornada de trabajo - Rafael Sanrom\u00e0\",\"isPartOf\":{\"@id\":\"https:\/\/sanromaasociados.com\/#website\"},\"primaryImageOfPage\":{\"@id\":\"https:\/\/sanromaasociados.com\/2019\/05\/07\/aspectos-relevantes-real-decreto-legislativo-8-2019\/#primaryimage\"},\"image\":{\"@id\":\"https:\/\/sanromaasociados.com\/2019\/05\/07\/aspectos-relevantes-real-decreto-legislativo-8-2019\/#primaryimage\"},\"thumbnailUrl\":\"https:\/\/sanromaasociados.com\/wp-content\/uploads\/2019\/05\/3-Derecho-laboral-y-Seguridad-Social.jpg\",\"datePublished\":\"2019-05-07T11:53:59+00:00\",\"dateModified\":\"2019-05-13T14:30:10+00:00\",\"breadcrumb\":{\"@id\":\"https:\/\/sanromaasociados.com\/2019\/05\/07\/aspectos-relevantes-real-decreto-legislativo-8-2019\/#breadcrumb\"},\"inLanguage\":\"ca\",\"potentialAction\":[{\"@type\":\"ReadAction\",\"target\":[\"https:\/\/sanromaasociados.com\/2019\/05\/07\/aspectos-relevantes-real-decreto-legislativo-8-2019\/\"]}]},{\"@type\":\"ImageObject\",\"inLanguage\":\"ca\",\"@id\":\"https:\/\/sanromaasociados.com\/2019\/05\/07\/aspectos-relevantes-real-decreto-legislativo-8-2019\/#primaryimage\",\"url\":\"https:\/\/sanromaasociados.com\/wp-content\/uploads\/2019\/05\/3-Derecho-laboral-y-Seguridad-Social.jpg\",\"contentUrl\":\"https:\/\/sanromaasociados.com\/wp-content\/uploads\/2019\/05\/3-Derecho-laboral-y-Seguridad-Social.jpg\",\"width\":800,\"height\":534,\"caption\":\"1\"},{\"@type\":\"BreadcrumbList\",\"@id\":\"https:\/\/sanromaasociados.com\/2019\/05\/07\/aspectos-relevantes-real-decreto-legislativo-8-2019\/#breadcrumb\",\"itemListElement\":[{\"@type\":\"ListItem\",\"position\":1,\"name\":\"Portada\",\"item\":\"https:\/\/sanromaasociados.com\/\"},{\"@type\":\"ListItem\",\"position\":2,\"name\":\"Real Decreto Ley 8\/2019 de medidas urgentes de protecci\u00f3n social y de lucha contra la precariedad laboral en la jornada de trabajo\"}]},{\"@type\":\"WebSite\",\"@id\":\"https:\/\/sanromaasociados.com\/#website\",\"url\":\"https:\/\/sanromaasociados.com\/\",\"name\":\"Rafael Sanrom\u00e0\",\"description\":\"Advocats Associats\",\"publisher\":{\"@id\":\"https:\/\/sanromaasociados.com\/#organization\"},\"potentialAction\":[{\"@type\":\"SearchAction\",\"target\":{\"@type\":\"EntryPoint\",\"urlTemplate\":\"https:\/\/sanromaasociados.com\/?s={search_term_string}\"},\"query-input\":{\"@type\":\"PropertyValueSpecification\",\"valueRequired\":true,\"valueName\":\"search_term_string\"}}],\"inLanguage\":\"ca\"},{\"@type\":\"Organization\",\"@id\":\"https:\/\/sanromaasociados.com\/#organization\",\"name\":\"Rafael Sanrom\u00e0\",\"url\":\"https:\/\/sanromaasociados.com\/\",\"logo\":{\"@type\":\"ImageObject\",\"inLanguage\":\"ca\",\"@id\":\"https:\/\/sanromaasociados.com\/#\/schema\/logo\/image\/\",\"url\":\"https:\/\/sanromaasociados.com\/wp-content\/uploads\/2021\/05\/cropped-download.jpg\",\"contentUrl\":\"https:\/\/sanromaasociados.com\/wp-content\/uploads\/2021\/05\/cropped-download.jpg\",\"width\":512,\"height\":512,\"caption\":\"Rafael Sanrom\u00e0\"},\"image\":{\"@id\":\"https:\/\/sanromaasociados.com\/#\/schema\/logo\/image\/\"}},{\"@type\":\"Person\",\"@id\":\"https:\/\/sanromaasociados.com\/#\/schema\/person\/110f140b75a9763d106f7da025ccbed7\",\"name\":\"Anna Prim\",\"image\":{\"@type\":\"ImageObject\",\"inLanguage\":\"ca\",\"@id\":\"https:\/\/sanromaasociados.com\/#\/schema\/person\/image\/\",\"url\":\"https:\/\/secure.gravatar.com\/avatar\/71eb1a07f5829b0ddd04c940d9ecd289b364c45f9c850cd6ebb077ab76bbfb7d?s=96&d=mm&r=g\",\"contentUrl\":\"https:\/\/secure.gravatar.com\/avatar\/71eb1a07f5829b0ddd04c940d9ecd289b364c45f9c850cd6ebb077ab76bbfb7d?s=96&d=mm&r=g\",\"caption\":\"Anna Prim\"},\"url\":\"https:\/\/sanromaasociados.com\/ca\/author\/ana\/\"}]}<\/script>\n<!-- \/ Yoast SEO plugin. -->","yoast_head_json":{"title":"Reial Decret Llei 8\/2019 de mesures urgents de protecci\u00f3 social i de lluita contra la precarietat laboral a la jornada de treball - Rafael Sanrom\u00e0","robots":{"index":"index","follow":"follow","max-snippet":"max-snippet:-1","max-image-preview":"max-image-preview:large","max-video-preview":"max-video-preview:-1"},"canonical":"https:\/\/sanromaasociados.com\/ca\/2019\/05\/07\/aspectes-rellevants-reial-decret-legislatiu-8-2019\/","og_locale":"ca_ES","og_type":"article","og_title":"Real Decreto Ley 8\/2019 de medidas urgentes de protecci\u00f3n social y de lucha contra la precariedad laboral en la jornada de trabajo - Rafael Sanrom\u00e0","og_description":"ASPECTOS MAS RELEVANTES DEL R.D.-LEY 8\/2019 En fecha 12 de Marzo se public\u00f3 en el BOE RD Ley 8\/2019 de medidas urgentes de protecci\u00f3n social y de lucha contra la precariedad laboral en la jornada de trabajo. Son medidas que estaban recogidas en el proyecto de Ley de Presupuestos que no se lleg\u00f3 a tramitar [&hellip;]","og_url":"https:\/\/sanromaasociados.com\/ca\/2019\/05\/07\/aspectes-rellevants-reial-decret-legislatiu-8-2019\/","og_site_name":"Rafael Sanrom\u00e0","article_published_time":"2019-05-07T11:53:59+00:00","article_modified_time":"2019-05-13T14:30:10+00:00","og_image":[{"width":800,"height":534,"url":"https:\/\/sanromaasociados.com\/wp-content\/uploads\/2019\/05\/3-Derecho-laboral-y-Seguridad-Social.jpg","type":"image\/jpeg"}],"author":"Anna Prim","twitter_card":"summary_large_image","twitter_misc":{"Escrit per":"Anna Prim","Temps estimat de lectura":"6 minuts"},"schema":{"@context":"https:\/\/schema.org","@graph":[{"@type":"Article","@id":"https:\/\/sanromaasociados.com\/2019\/05\/07\/aspectos-relevantes-real-decreto-legislativo-8-2019\/#article","isPartOf":{"@id":"https:\/\/sanromaasociados.com\/2019\/05\/07\/aspectos-relevantes-real-decreto-legislativo-8-2019\/"},"author":{"name":"Anna Prim","@id":"https:\/\/sanromaasociados.com\/#\/schema\/person\/110f140b75a9763d106f7da025ccbed7"},"headline":"Real Decreto Ley 8\/2019 de medidas urgentes de protecci\u00f3n social y de lucha contra la precariedad laboral en la jornada de trabajo","datePublished":"2019-05-07T11:53:59+00:00","dateModified":"2019-05-13T14:30:10+00:00","mainEntityOfPage":{"@id":"https:\/\/sanromaasociados.com\/2019\/05\/07\/aspectos-relevantes-real-decreto-legislativo-8-2019\/"},"wordCount":1148,"commentCount":0,"publisher":{"@id":"https:\/\/sanromaasociados.com\/#organization"},"image":{"@id":"https:\/\/sanromaasociados.com\/2019\/05\/07\/aspectos-relevantes-real-decreto-legislativo-8-2019\/#primaryimage"},"thumbnailUrl":"https:\/\/sanromaasociados.com\/wp-content\/uploads\/2019\/05\/3-Derecho-laboral-y-Seguridad-Social.jpg","articleSection":["Novedades Legislaci\u00f3n Laboral 2019"],"inLanguage":"ca","potentialAction":[{"@type":"CommentAction","name":"Comment","target":["https:\/\/sanromaasociados.com\/2019\/05\/07\/aspectos-relevantes-real-decreto-legislativo-8-2019\/#respond"]}]},{"@type":"WebPage","@id":"https:\/\/sanromaasociados.com\/2019\/05\/07\/aspectos-relevantes-real-decreto-legislativo-8-2019\/","url":"https:\/\/sanromaasociados.com\/2019\/05\/07\/aspectos-relevantes-real-decreto-legislativo-8-2019\/","name":"Reial Decret Llei 8\/2019 de mesures urgents de protecci\u00f3 social i de lluita contra la precarietat laboral a la jornada de treball - Rafael Sanrom\u00e0","isPartOf":{"@id":"https:\/\/sanromaasociados.com\/#website"},"primaryImageOfPage":{"@id":"https:\/\/sanromaasociados.com\/2019\/05\/07\/aspectos-relevantes-real-decreto-legislativo-8-2019\/#primaryimage"},"image":{"@id":"https:\/\/sanromaasociados.com\/2019\/05\/07\/aspectos-relevantes-real-decreto-legislativo-8-2019\/#primaryimage"},"thumbnailUrl":"https:\/\/sanromaasociados.com\/wp-content\/uploads\/2019\/05\/3-Derecho-laboral-y-Seguridad-Social.jpg","datePublished":"2019-05-07T11:53:59+00:00","dateModified":"2019-05-13T14:30:10+00:00","breadcrumb":{"@id":"https:\/\/sanromaasociados.com\/2019\/05\/07\/aspectos-relevantes-real-decreto-legislativo-8-2019\/#breadcrumb"},"inLanguage":"ca","potentialAction":[{"@type":"ReadAction","target":["https:\/\/sanromaasociados.com\/2019\/05\/07\/aspectos-relevantes-real-decreto-legislativo-8-2019\/"]}]},{"@type":"ImageObject","inLanguage":"ca","@id":"https:\/\/sanromaasociados.com\/2019\/05\/07\/aspectos-relevantes-real-decreto-legislativo-8-2019\/#primaryimage","url":"https:\/\/sanromaasociados.com\/wp-content\/uploads\/2019\/05\/3-Derecho-laboral-y-Seguridad-Social.jpg","contentUrl":"https:\/\/sanromaasociados.com\/wp-content\/uploads\/2019\/05\/3-Derecho-laboral-y-Seguridad-Social.jpg","width":800,"height":534,"caption":"1"},{"@type":"BreadcrumbList","@id":"https:\/\/sanromaasociados.com\/2019\/05\/07\/aspectos-relevantes-real-decreto-legislativo-8-2019\/#breadcrumb","itemListElement":[{"@type":"ListItem","position":1,"name":"Portada","item":"https:\/\/sanromaasociados.com\/"},{"@type":"ListItem","position":2,"name":"Real Decreto Ley 8\/2019 de medidas urgentes de protecci\u00f3n social y de lucha contra la precariedad laboral en la jornada de trabajo"}]},{"@type":"WebSite","@id":"https:\/\/sanromaasociados.com\/#website","url":"https:\/\/sanromaasociados.com\/","name":"Rafael Sanrom\u00e0","description":"Advocats Associats","publisher":{"@id":"https:\/\/sanromaasociados.com\/#organization"},"potentialAction":[{"@type":"SearchAction","target":{"@type":"EntryPoint","urlTemplate":"https:\/\/sanromaasociados.com\/?s={search_term_string}"},"query-input":{"@type":"PropertyValueSpecification","valueRequired":true,"valueName":"search_term_string"}}],"inLanguage":"ca"},{"@type":"Organization","@id":"https:\/\/sanromaasociados.com\/#organization","name":"Rafael Sanrom\u00e0","url":"https:\/\/sanromaasociados.com\/","logo":{"@type":"ImageObject","inLanguage":"ca","@id":"https:\/\/sanromaasociados.com\/#\/schema\/logo\/image\/","url":"https:\/\/sanromaasociados.com\/wp-content\/uploads\/2021\/05\/cropped-download.jpg","contentUrl":"https:\/\/sanromaasociados.com\/wp-content\/uploads\/2021\/05\/cropped-download.jpg","width":512,"height":512,"caption":"Rafael Sanrom\u00e0"},"image":{"@id":"https:\/\/sanromaasociados.com\/#\/schema\/logo\/image\/"}},{"@type":"Person","@id":"https:\/\/sanromaasociados.com\/#\/schema\/person\/110f140b75a9763d106f7da025ccbed7","name":"Anna Prim","image":{"@type":"ImageObject","inLanguage":"ca","@id":"https:\/\/sanromaasociados.com\/#\/schema\/person\/image\/","url":"https:\/\/secure.gravatar.com\/avatar\/71eb1a07f5829b0ddd04c940d9ecd289b364c45f9c850cd6ebb077ab76bbfb7d?s=96&d=mm&r=g","contentUrl":"https:\/\/secure.gravatar.com\/avatar\/71eb1a07f5829b0ddd04c940d9ecd289b364c45f9c850cd6ebb077ab76bbfb7d?s=96&d=mm&r=g","caption":"Anna Prim"},"url":"https:\/\/sanromaasociados.com\/ca\/author\/ana\/"}]}},"_links":{"self":[{"href":"https:\/\/sanromaasociados.com\/ca\/wp-json\/wp\/v2\/posts\/205","targetHints":{"allow":["GET"]}}],"collection":[{"href":"https:\/\/sanromaasociados.com\/ca\/wp-json\/wp\/v2\/posts"}],"about":[{"href":"https:\/\/sanromaasociados.com\/ca\/wp-json\/wp\/v2\/types\/post"}],"author":[{"embeddable":true,"href":"https:\/\/sanromaasociados.com\/ca\/wp-json\/wp\/v2\/users\/6"}],"replies":[{"embeddable":true,"href":"https:\/\/sanromaasociados.com\/ca\/wp-json\/wp\/v2\/comments?post=205"}],"version-history":[{"count":7,"href":"https:\/\/sanromaasociados.com\/ca\/wp-json\/wp\/v2\/posts\/205\/revisions"}],"predecessor-version":[{"id":220,"href":"https:\/\/sanromaasociados.com\/ca\/wp-json\/wp\/v2\/posts\/205\/revisions\/220"}],"wp:featuredmedia":[{"embeddable":true,"href":"https:\/\/sanromaasociados.com\/ca\/wp-json\/wp\/v2\/media\/218"}],"wp:attachment":[{"href":"https:\/\/sanromaasociados.com\/ca\/wp-json\/wp\/v2\/media?parent=205"}],"wp:term":[{"taxonomy":"category","embeddable":true,"href":"https:\/\/sanromaasociados.com\/ca\/wp-json\/wp\/v2\/categories?post=205"},{"taxonomy":"post_tag","embeddable":true,"href":"https:\/\/sanromaasociados.com\/ca\/wp-json\/wp\/v2\/tags?post=205"}],"curies":[{"name":"wp","href":"https:\/\/api.w.org\/{rel}","templated":true}]}}